{"id":17,"date":"2018-01-08T22:00:53","date_gmt":"2018-01-08T21:00:53","guid":{"rendered":"http:\/\/baustelle.evolutionsweg.de\/?p=17"},"modified":"2025-08-18T23:13:25","modified_gmt":"2025-08-18T21:13:25","slug":"wirbeltiere","status":"publish","type":"post","link":"https:\/\/evolutionsweg.de\/pl\/wirbeltiere\/","title":{"rendered":"Kr\u0119gowce"},"content":{"rendered":"<p class=\"Jahre_Meter\">505 milio\u00adn\u00f3w lat przed dniem dzisiejszym<br>\n<img loading=\"lazy\" decoding=\"async\" class=\"size-medium wp-image-4449 alignnone\" src=\"https:\/\/evolutionsweg.de\/wp-content\/uploads\/08_Wirbelt-300x30.png\" alt width=\"300\" height=\"30\" srcset=\"https:\/\/evolutionsweg.de\/wp-content\/uploads\/08_Wirbelt-300x30.png 300w, https:\/\/evolutionsweg.de\/wp-content\/uploads\/08_Wirbelt-768x78.png 768w, https:\/\/evolutionsweg.de\/wp-content\/uploads\/08_Wirbelt-150x15.png 150w, https:\/\/evolutionsweg.de\/wp-content\/uploads\/08_Wirbelt.png 1000w\" sizes=\"auto, (max-width: 300px) 100vw, 300px\"><\/p>\n<p class=\"Zeitalter\">Epoka: pale\u00adozoik \/&nbsp;kambr<\/p>\n<p><img loading=\"lazy\" decoding=\"async\" class=\"wp-image-3959 size-full alignleft\" src=\"https:\/\/evolutionsweg.de\/wp-content\/uploads\/Wegpunkte\/08.jpg\" alt width=\"920\" height=\"384\" srcset=\"https:\/\/evolutionsweg.de\/wp-content\/uploads\/Wegpunkte\/08.jpg 920w, https:\/\/evolutionsweg.de\/wp-content\/uploads\/Wegpunkte\/08-300x125.jpg 300w, https:\/\/evolutionsweg.de\/wp-content\/uploads\/Wegpunkte\/08-768x321.jpg 768w, https:\/\/evolutionsweg.de\/wp-content\/uploads\/Wegpunkte\/08-150x63.jpg 150w\" sizes=\"auto, (max-width: 920px) 100vw, 920px\">Zawar\u00adto\u015b\u0107 tlenu w morzu gwa\u0142\u00adtow\u00adnie wzra\u00adsta, w ci\u0105gu 5 \u2014 10 milio\u00adn\u00f3w lat powstaje wi\u0119k\u00adszo\u015b\u0107 sche\u00adma\u00adt\u00f3w budowy istot \u017cywych, kt\u00f3re istniej\u0105 do dzi\u015b. Ryby to pierw\u00adsze \u017cywe istoty z wewn\u0119trz\u00adnym szkie\u00adle\u00adtem i elastycz\u00adnym kr\u0119go\u00ads\u0142u\u00adpem. S\u0105 to \u201ezwie\u00adrz\u0119ta dwustronne\u201d. Sche\u00admat jest tak pomy\u015blny, \u017ce rozpo\u00adczyna si\u0119 Era Ryb. W ten spos\u00f3b k\u0142adzie si\u0119 podwa\u00adliny pod rozw\u00f3j wszyst\u00adkich innych kr\u0119gow\u00adc\u00f3w, w tym&nbsp;ludzi.<\/p>\n<p class=\"Bildunterschrift\" style=\"text-align: left;\">Przed\u00adsta\u00adwiony jest okaz z rodzaju Petro\u00admy\u00adzon\u00adti\u00adfor\u00admes (minogi).<\/p>\n<p><img loading=\"lazy\" decoding=\"async\" class=\"wp-image-593 alignleft\" src=\"http:\/\/evolutionsweg.de\/wp-content\/uploads\/Kontinente\/505_Kambrium.png\" alt width=\"279\" height=\"143\"><\/p>\n<p class=\"Geoinfo\">W kambrze klimat na Ziemi staje si\u0119 coraz cieplej\u00adszy. Polarne czapy lodowe topniej\u0105, a poziom m\u00f3rz mocno si\u0119 podnosi. W ko\u0144cu wi\u0119k\u00adszo\u015b\u0107 konty\u00adnen\u00adt\u00f3w zale\u00adwaj\u0105 p\u0142yt\u00adkie morza. Masy l\u0105dowe znaj\u00adduj\u0105 si\u0119 g\u0142\u00f3w\u00adnie na p\u00f3\u0142kuli po\u0142u\u00addnio\u00adwej. Wewn\u0105trz nich rozci\u0105\u00adgaj\u0105 si\u0119 rozle\u00adg\u0142e pusty\u00adnie. Klimat jest gor\u0105cy i wilgotny.<\/p>\n<p><span style=\"color: #a1131e;\">T\u0119 infor\u00adma\u00adcj\u0119 w prostym j\u0119zyku znaj\u00addziesz na stro\u00adnie <a style=\"color: #a1131e;\" href=\"https:\/\/evokids.de\/content\/8-fische-wirbelsaeule\" target=\"_blank\" rel=\"noopener noreferrer\"><strong>evokids.de<\/strong><\/a>.<\/span><\/p>\n<hr>\n<p>Niewiele jest aktu\u00adal\u00adnej wiedzy na temat pocho\u00addze\u00adnia stru\u00adnow\u00adc\u00f3w. Jeste\u00ad\u015bmy w du\u017cej mierze zale\u017cni od za\u0142o\u00ad\u017ce\u0144 i hipotez.<\/p>\n<div class=\"plusbox\">\n<h4>Wcze\u015bniejsze hipotezy<\/h4>\n<p>Pier\u00adwot\u00adnie s\u0105dzono, \u017ce stru\u00adnowce rozwi\u00adn\u0119\u0142y si\u0119 z <strong>pier\u00ad\u015bcie\u00adnic<\/strong>, inni bada\u00adcze przy\u00adpusz\u00adczali, \u017ce prekur\u00adso\u00adrami kr\u0119gow\u00adc\u00f3w by\u0142y wst\u0119\u017c\u00adniaki, a nawet szcz\u0119\u00adko\u00adczu\u0142\u00adkowce. Pier\u00ad\u015bcie\u00adnice by\u0142y nadal najbar\u00addziej zrozu\u00admia\u0142\u0105 hipo\u00adtez\u0105 ze wzgl\u0119du na ich segmen\u00adta\u00adcj\u0119. Obec\u00adnie wiadomo jednak, \u017ce \u017cadna z wymie\u00adnio\u00adnych klas nie mo\u017ce by\u0107 przod\u00adkiem kr\u0119gow\u00adc\u00f3w. G\u0142\u00f3wne naczy\u00adnie krwio\u00adno\u00ad\u015bne po stro\u00adnie plec\u00f3w, szpik brzuszny po stro\u00adnie brzu\u00adcha i zasad\u00adni\u00adczo odmienny rozw\u00f3j embrio\u00adnalny kr\u0119gow\u00adc\u00f3w prze\u00adma\u00adwiaj\u0105 prze\u00adciwko takiemu pokrewie\u0144stwu.<br>\nZgod\u00adnie z tak zwan\u0105 teori\u0105 hydrosz\u00adkie\u00adletu (teoria roba\u00adk\u00f3w), kt\u00f3r\u0105 Wolfgang Frie\u00addrich Gutmann opra\u00adco\u00adwa\u0142 w 1972 r., stru\u00adnowce pocho\u00addz\u0105 od <strong>archi\u00adco\u00adelo\u00adma\u00adt\u00f3w<\/strong>, kt\u00f3re jednak nie mia\u0142y twar\u00addych elemen\u00adt\u00f3w szkie\u00adletu. Charak\u00adte\u00adry\u00adzo\u00adwa\u0142y si\u0119 ogra\u00adni\u00adcze\u00adniem z tkanki \u0142\u0105cz\u00adnej, jamami wype\u0142\u00adnio\u00adnymi p\u0142ynem i struk\u00adtu\u00adrami mi\u0119\u015bnio\u00adpo\u00addob\u00adnymi. Z powodu panu\u00adj\u0105\u00adcych stosun\u00adk\u00f3w hydro\u00adsta\u00adtycz\u00adnych s\u0105dzono, \u017ce aparaty wspor\u00adcze powsta\u0142y w trak\u00adcie rozwoju w spos\u00f3b biome\u00adcha\u00adniczny. Zgod\u00adnie z t\u0105 hipo\u00adtez\u0105 pozo\u00adsta\u0142e cechy stru\u00adnow\u00adc\u00f3w stop\u00adniowo rozwi\u00adn\u0119\u0142y si\u0119 drugo\u00adrz\u0119d\u00adnie. Jednak w opar\u00adciu o dane biolo\u00adgii mole\u00adku\u00adlar\u00adnej teza ta zosta\u0142a obec\u00adnie odrzucona.<\/p>\n<\/div>\n<p>Obec\u00adnie przyj\u00admuje si\u0119, \u017ce pokre\u00adwie\u0144\u00adstwa ni\u017cszego szcze\u00adbla kr\u0119gow\u00adc\u00f3w mo\u017cna si\u0119 doszu\u00adka\u0107 w <strong>os\u0142o\u00adni\u00adcach <\/strong>i <strong>p\u00f3\u0142stru\u00adnow\u00adcach<\/strong>. Swobod\u00adnie p\u0142ywa\u00adj\u0105ce larwy os\u0142o\u00adnic maj\u0105 np. szcze\u00adliny skrze\u00adlowe, cew\u0119 nerwow\u0105 i tzw. strun\u0119 grzbie\u00adtow\u0105 w odcinku ogono\u00adwym, kt\u00f3r\u0105 u bardziej rozwi\u00adni\u0119\u00adtych zwie\u00adrz\u0105t zast\u0119\u00adpuje kr\u0119go\u00ads\u0142up. W toku rozwoju filo\u00adge\u00adne\u00adtycz\u00adnego cechy te zosta\u0142y prze\u00adj\u0119te w stanie doro\u00ads\u0142ym. Jednak ta hipo\u00adteza te\u017c nie jest&nbsp;pewna.<\/p>\n<p><img loading=\"lazy\" decoding=\"async\" class=\"alignnone wp-image-755\" src=\"http:\/\/evolutionsweg.de\/wp-content\/uploads\/08_Manteltiere.png\" alt width=\"2000\" height=\"637\" srcset=\"https:\/\/evolutionsweg.de\/wp-content\/uploads\/08_Manteltiere.png 2435w, https:\/\/evolutionsweg.de\/wp-content\/uploads\/08_Manteltiere-300x95.png 300w, https:\/\/evolutionsweg.de\/wp-content\/uploads\/08_Manteltiere-768x244.png 768w, https:\/\/evolutionsweg.de\/wp-content\/uploads\/08_Manteltiere-1024x326.png 1024w, https:\/\/evolutionsweg.de\/wp-content\/uploads\/08_Manteltiere-150x48.png 150w\" sizes=\"auto, (max-width: 2000px) 100vw, 2000px\"><\/p>\n<p class=\"Bildunterschrift\"><strong>Os\u0142o\u00adnice.<\/strong> U doro\u00ads\u0142ych zwie\u00adrz\u0105t nie wida\u0107 zwi\u0105zku z kr\u0119gow\u00adcami (po lewej). Jednak larwy wyka\u00adzuj\u0105 du\u017ce podo\u00adbie\u0144\u00adstwo do kr\u0119gow\u00adc\u00f3w w swoim sche\u00adma\u00adcie budowy (po prawej), szcze\u00adg\u00f3l\u00adnie w przy\u00adpadku ich grzbietu (struna grzbie\u00adtowa). (\u0179r\u00f3d\u0142o: Zdj\u0119\u00adcie: https:\/\/commons.wikimedia.org\/wiki\/File:Bluebell_tunicates_Nick_Hobgood.jpg, sche\u00admat larwy: https:\/\/commons.wikimedia.org\/wiki\/File:Larva_ascidia-key.svg)<\/p>\n<details>\n<summary><span class=\"\u00dc2\">Bezczasz\u00adkowce<\/span><\/summary>\n<p>Ze wzgl\u0119du na ich struk\u00adtur\u0119 uwa\u017ca si\u0119 bezczasz\u00adkowce za model prymi\u00adtyw\u00adnych kr\u0119gow\u00adc\u00f3w. Na szcze\u00adg\u00f3ln\u0105 uwag\u0119 zas\u0142u\u00adguj\u0105 ich cechy anato\u00admiczne, takie jak jelito skrze\u00adlowe, cewnik nerwowy znaj\u00addu\u00adj\u0105cy si\u0119 na plecach, u\u0142o\u017ce\u00adnie du\u017cych naczy\u0144 krwio\u00adno\u00ad\u015bnych oraz rozci\u0105\u00adga\u00adj\u0105c\u0105 si\u0119 do przodu strun\u0119 grzbie\u00adtow\u0105. <span class=\"vertieft\">Ze wzgl\u0119du na pewien szcze\u00adg\u00f3lny rozw\u00f3j, zwi\u0105\u00adzany ze specjal\u00adnymi struk\u00adtu\u00adrami, takimi jak braku\u00adj\u0105ce serce lub segmen\u00adto\u00adwane prekur\u00adsory nerek, bezczasz\u00adkowce otrzy\u00admuj\u0105 specjalny status. <\/span>Bezczasz\u00adkowce s\u0105 zwykle uwa\u017cane za wcze\u00adsnych przod\u00adk\u00f3w kr\u0119gow\u00adc\u00f3w. Dzi\u015b przyj\u00admuje si\u0119, \u017ce pierw\u00adsze kr\u0119gowce poja\u00adwi\u0142y si\u0119 w kambrze oko\u0142o 500 mln lat temu. Jako skamie\u00adnia\u00adliny kr\u0119gowce wyst\u0119\u00adpuj\u0105 dopiero od czasu dolnego syluru, czyli od oko\u0142o 430 do 440 milio\u00adn\u00f3w lat&nbsp;temu.<\/p>\n<p><img loading=\"lazy\" decoding=\"async\" class=\"alignnone size-full wp-image-732\" src=\"http:\/\/evolutionsweg.de\/wp-content\/uploads\/08_Branchiostoma.jpg\" alt width=\"492\" height=\"223\" srcset=\"https:\/\/evolutionsweg.de\/wp-content\/uploads\/08_Branchiostoma.jpg 492w, https:\/\/evolutionsweg.de\/wp-content\/uploads\/08_Branchiostoma-300x136.jpg 300w, https:\/\/evolutionsweg.de\/wp-content\/uploads\/08_Branchiostoma-150x68.jpg 150w\" sizes=\"auto, (max-width: 492px) 100vw, 492px\"><\/p>\n<p class=\"Bildunterschrift\"><strong>Lancet\u00adnik<\/strong> (Bran\u00adchio\u00adstoma lance\u00adola\u00adtum) jako przy\u00adk\u0142ad wsp\u00f3\u0142\u00adcze\u00ad\u015bnie wyst\u0119\u00adpu\u00adj\u0105\u00adcej, czyli wci\u0105\u017c jesz\u00adcze \u017cyj\u0105\u00adcego bezczasz\u00adkowca (\u017ar\u00f3d\u0142o: wiki\u00adme\u00addia commons., Fot. Hans Hillewaert).<\/p>\n<\/details>\n<details>\n<summary><span class=\"\u00dc2\">Kr\u0119gowce wodne<\/span><\/summary>\n<p>\u017bycie rozwi\u00adn\u0119\u0142o si\u0119 w wodzie. Nic wi\u0119c dziw\u00adnego, \u017ce najstar\u00adszymi znale\u00adzi\u00adskami skamie\u00adnia\u00ad\u0142o\u00ad\u015bci s\u0105 \u0142uski kostne. Znale\u00adzi\u00adska pocho\u00addz\u0105 z dolnego syluru i zosta\u0142y znale\u00adzione w osadach s\u0142od\u00adko\u00adwod\u00adnych w Kolo\u00adrado w <span class=\"caps\">USA<\/span>. Jednak \u0142usek kost\u00adnych nie mo\u017cna by\u0142o przy\u00adpi\u00adsa\u0107 do konkret\u00adnego gatunku. Ponie\u00adwa\u017c odkry\u00adcia znale\u00adziono w osadach s\u0142od\u00adko\u00adwod\u00adnych, jest ca\u0142kiem praw\u00addo\u00adpo\u00addobne, \u017ce \u017cycie kr\u0119gow\u00adc\u00f3w rozpo\u00adcz\u0119\u0142o si\u0119 w wodach s\u0142odkich.<\/p>\n<p>Najwa\u017c\u00adniej\u00adsz\u0105 podsta\u00adwow\u0105 grup\u0105 kr\u0119gow\u00adc\u00f3w s\u0105 praw\u00addo\u00adpo\u00addob\u00adnie <strong>bezsz\u00adcz\u0119\u00adkowce<\/strong>, kt\u00f3rych co najmniej 4 rz\u0119dy mo\u017cna by\u0142o wykry\u0107 w sylu\u00adrze. Wymie\u00adnione 4 rz\u0119dy s\u0105 r\u00f3wnie\u017c uj\u0119te jako <strong>bezsz\u00adcz\u0119\u00adkowce pancerne<\/strong> (ostra\u00adko\u00addermy). Wsp\u00f3ln\u0105 cech\u0105 wszyst\u00adkich typ\u00f3w bezsz\u00adcz\u0119\u00adkow\u00adc\u00f3w pancer\u00adnych jest pancerz kostny. <span class=\"vertieft\">U wcze\u00adsnych kr\u0119gow\u00adc\u00f3w, takich jak bezsz\u00adcz\u0119\u00adkowce pancerne, obec\u00adno\u015b\u0107 takiego pance\u00adrza jest czasami zdumie\u00adwa\u00adj\u0105ca, ponie\u00adwa\u017c u prymi\u00adtyw\u00adnych kr\u0119gow\u00adc\u00f3w mo\u017cna by za\u0142o\u00ad\u017cy\u0107 szkie\u00adlet chrz\u0119stny. Rozw\u00f3j filo\u00adge\u00adne\u00adtyczny ryb wyka\u00adzuje jednak wyra\u017an\u0105 reduk\u00adcj\u0119 twar\u00addych struk\u00adtur. Mo\u017cna zatem przy\u00adj\u0105\u0107, \u017ce brak tworze\u00adnia ko\u015bci u jesz\u00adcze istnie\u00adj\u0105\u00adcych gatun\u00adk\u00f3w, nie jest cech\u0105 prymi\u00adtywn\u0105, ale mo\u017cna je postrze\u00adga\u0107 jako cech\u0119 pochodn\u0105.<\/span><\/p>\n<p>Opr\u00f3cz kost\u00adnego pance\u00adrza, pier\u00adwot\u00adnymi cechami s\u0105 r\u00f3wnie\u017c brak ufor\u00admo\u00adwa\u00adnia szcz\u0119ki i okolicy poty\u00adlicz\u00adnej, niespa\u00adro\u00adwany narz\u0105d w\u0119chowy z po\u0142\u0105\u00adcze\u00adniem z prze\u00adwo\u00addem przy\u00adsadki, otw\u00f3r na oko ciemie\u00adniowe oraz ukszta\u0142\u00adto\u00adwa\u00adnie dw\u00f3ch p\u00f3\u0142ko\u00adli\u00adstych kana\u00ad\u0142\u00f3w (pier\u00ad\u015bcie\u00adniowe naczy\u00adnia w uchu wewn\u0119trz\u00adnym). <span class=\"vertieft\">Pierwsi przed\u00adsta\u00adwi\u00adciele bezsz\u00adcz\u0119\u00adkow\u00adc\u00f3w pancer\u00adnych byli praw\u00addo\u00adpo\u00addob\u00adnie nieszko\u00addli\u00adwymi osob\u00adni\u00adkami, kt\u00f3rze filtro\u00adwa\u0142y cz\u0105steczki jedze\u00adnia przez aparat skrze\u00adlowy z wody na dnie akwenu.<\/span><\/p>\n<p>Kolejne m\u0142od\u00adsze znale\u00adzi\u00adska mo\u017cna by\u0142o przy\u00adpi\u00adsa\u0107 <strong>rybom pancer\u00adnym<\/strong> (plako\u00addermy), kt\u00f3re znale\u00adziono w warstwach skal\u00adnych g\u00f3rnego syluru i dolnego dewonu. Ryby pancerne by\u0142y ju\u017c znacz\u00adnie dalej rozwi\u00adni\u0119te ni\u017c bezsz\u00adcz\u0119\u00adkowce pancerne, co prze\u00adja\u00adwia si\u0119 g\u0142\u00f3w\u00adnie w powsta\u00adniu szcz\u0119ki i sparo\u00adwa\u00adnych p\u0142etw. U bardziej rozwi\u00adni\u0119\u00adtych ryb szcz\u0119ki s\u0105 po\u0142\u0105\u00adczone z czaszk\u0105 poprzez ko\u015b\u0107 gnykow\u0105. W przy\u00adpadku ryb pancer\u00adnych i reki\u00adn\u00f3w kolcza\u00adstych sylur\u00adskich po\u0142\u0105\u00adcze\u00adnie nast\u0105\u00adpi\u0142o bezpo\u00ad\u015bred\u00adnio przez \u0142uk szcz\u0119ki. Rekiny kolcza\u00adste s\u0105 postrze\u00adgane jako grupa przej\u00ad\u015bciowa mi\u0119dzy bezsz\u00adcz\u0119\u00adkow\u00adcami a \u017cuchwowcami.<\/p>\n<p><img loading=\"lazy\" decoding=\"async\" class=\"alignnone wp-image-735 size-medium\" src=\"http:\/\/evolutionsweg.de\/wp-content\/uploads\/08_Panzerfisch-300x232.jpg\" alt width=\"300\" height=\"232\" srcset=\"https:\/\/evolutionsweg.de\/wp-content\/uploads\/08_Panzerfisch-300x232.jpg 300w, https:\/\/evolutionsweg.de\/wp-content\/uploads\/08_Panzerfisch-768x594.jpg 768w, https:\/\/evolutionsweg.de\/wp-content\/uploads\/08_Panzerfisch-150x116.jpg 150w, https:\/\/evolutionsweg.de\/wp-content\/uploads\/08_Panzerfisch.jpg 1000w\" sizes=\"auto, (max-width: 300px) 100vw, 300px\"><\/p>\n<p class=\"Bildunterschrift\"><strong>Ryba pancerna<\/strong>, zrekon\u00adstru\u00adowany model&nbsp;<i>Both\u00adrio\u00adle\u00adpis cana\u00adden\u00adsis<\/i>. (\u0179r\u00f3d\u0142o: Wiki\u00adpe\u00addia, \u00a9&nbsp;<a title=\"User:Citron\" href=\"https:\/\/commons.wikimedia.org\/wiki\/User:Citron\">Citron<\/a>&nbsp;\/&nbsp;<span class=\"plainlinks noprint\"><a class=\"external text\" href=\"https:\/\/creativecommons.org\/licenses\/by-sa\/3.0\/\" rel=\"nofollow\"><span class=\"caps\">CC<\/span> <span class=\"caps\">BY-SA<\/span> 3.0<\/a>)<\/span><\/p>\n<p>Niekt\u00f3re gatunki ryb pancer\u00adnych rozwi\u00adn\u0119\u0142y sparo\u00adwane p\u0142etwy, kt\u00f3re pozwa\u00adla\u0142y im swobod\u00adnie p\u0142ywa\u0107 w wodzie. Wydaje si\u0119 mo\u017cliwe, \u017ce te swobod\u00adnie p\u0142ywa\u00adj\u0105ce ryby pancerne \u017cero\u00adwa\u0142y ju\u017c jako drapie\u017c\u00adniki. Niekt\u00f3re gatunki ryb pancer\u00adnych mia\u0142y ju\u017c p\u0142uca. Dlatego te\u017c p\u0142uca jako narz\u0105d odde\u00adchowy s\u0105 znane od p\u00f3\u017anego syluru. Zak\u0142ada si\u0119, \u017ce dalszy rozw\u00f3j ryb pancer\u00adnych dopro\u00adwa\u00addzi\u0142 do powsta\u00adnia <strong>ryb chrz\u0119st\u00adnych<\/strong>. Jest to szcze\u00adg\u00f3l\u00adnie widoczne w podo\u00adbie\u0144\u00adstwach w budo\u00adwie czaszki.<\/p>\n<p>Punk\u00adtem wyj\u015bcio\u00adwym do przej\u00ad\u015bcia z wody na l\u0105d by\u0142a najwcze\u00ad\u015bniej\u00adsza grupa <strong>ryb kost\u00adnosz\u00adkie\u00adle\u00adto\u00adwych<\/strong>, czyli ryby mi\u0119\u015bnio\u00adp\u0142e\u00adtwowe. Ryby mi\u0119\u015bnio\u00adp\u0142e\u00adtwowe, w tym gatunki \u017cyj\u0105ce obec\u00adnie, wyr\u00f3\u017c\u00adniaj\u0105 si\u0119 p\u0142etwami musku\u00adlar\u00adnymi i sparo\u00adwa\u00adnymi. Podo\u00adbie\u0144\u00adstwa do ko\u0144czyn kr\u0119gow\u00adc\u00f3w l\u0105do\u00adwych mo\u017cna zauwa\u00ad\u017cy\u0107 w elemen\u00adtach ko\u015bci podstaw\u00adnych. Inn\u0105 charak\u00adte\u00adry\u00adstyczn\u0105 cech\u0105 s\u0105 wewn\u0119trzne nozdrza.<\/p>\n<p><a name=\"Quastenflosser\"><\/a><strong>Cela\u00adkan\u00adto\u00adkszta\u0142tne (lati\u00adme\u00adria)<\/strong> tworz\u0105 boczn\u0105 ga\u0142\u0105\u017a, gdy rozwi\u00adjaj\u0105 si\u0119 do czwo\u00adro\u00adno\u00adg\u00f3w, czyli kr\u0119gow\u00adc\u00f3w l\u0105do\u00adwych. Niemniej jednak pier\u00adwotne p\u0142azy, kt\u00f3re \u017cyj\u0105 do dzi\u015b, wyka\u00adzuj\u0105 pewne cechy wsp\u00f3lne z cela\u00adkan\u00adto\u00adkszta\u0142t\u00adnymi. S\u0105 to w szcze\u00adg\u00f3l\u00adno\u00ad\u015bci budowa czaszki, budowa szkie\u00adletu ko\u0144czyn, budowa z\u0119b\u00f3w i podo\u00adbie\u0144\u00adstwa w drogach oddechowych.<br>\n<img loading=\"lazy\" decoding=\"async\" class=\"alignnone wp-image-737 size-large\" src=\"http:\/\/evolutionsweg.de\/wp-content\/uploads\/08_Quastenflosser-1024x370.jpg\" alt width=\"580\" height=\"210\" srcset=\"https:\/\/evolutionsweg.de\/wp-content\/uploads\/08_Quastenflosser-1024x370.jpg 1024w, https:\/\/evolutionsweg.de\/wp-content\/uploads\/08_Quastenflosser-300x109.jpg 300w, https:\/\/evolutionsweg.de\/wp-content\/uploads\/08_Quastenflosser-768x278.jpg 768w, https:\/\/evolutionsweg.de\/wp-content\/uploads\/08_Quastenflosser-150x54.jpg 150w\" sizes=\"auto, (max-width: 580px) 100vw, 580px\"><\/p>\n<p class=\"Bildunterschrift\"><a name=\"Quastenflosser\"><\/a><strong>Cela\u00adkan\u00adto\u00adkszta\u0142tne.<\/strong> Okaz w Muzeum Histo\u00adrii Natu\u00adral\u00adnej w Wied\u00adniu (\u017ar\u00f3d\u0142o: wiki\u00adpe\u00addia, foto:&nbsp;<a title=\"User:Afernand74\" href=\"https:\/\/commons.wikimedia.org\/wiki\/User:Afernand74\">Alberto Fernan\u00addez Fernan\u00addez<\/a>)<\/p>\n<\/details>\n<details>\n<summary><span class=\"\u00dc2\">Pierw\u00adsze kr\u0119gowce na l\u0105dzie<\/span><\/summary>\n<p>We wcze\u00adsnym karbo\u00adnie, oko\u0142o 350 milio\u00adn\u00f3w lat temu, poja\u00adwi\u0142y si\u0119 pierw\u00adsze kr\u0119gowce, kt\u00f3re \u017cy\u0142y wy\u0142\u0105cz\u00adnie na l\u0105dzie. Warun\u00adkiem tego by\u0142a, opr\u00f3cz zako\u0144\u00adczo\u00adnej ju\u017c na tym etapie prze\u00adbu\u00addowy cia\u0142a, mo\u017cli\u00adwo\u015b\u0107 <strong>rozwoju zap\u0142od\u00adnio\u00adnego jaja poza wod\u0105<\/strong>. Ewolu\u00adcja rozwi\u0105\u00adza\u0142a ten problem, prze\u00adno\u00adsz\u0105c decy\u00addu\u00adj\u0105cy o\u015bro\u00addek siedli\u00adska, czyli wod\u0119, do <strong>jamy owodnio\u00adwej<\/strong>. Bardziej szcze\u00adg\u00f3\u00ad\u0142owo opisu\u00adjemy to w naszym tek\u015bcie na temat <a href=\"http:\/\/evolutionsweg.de\/landgang-der-wirbeltiere\/\">wyj\u015bcia kr\u0119gow\u00adc\u00f3w na l\u0105d<\/a>. [<span class=\"caps\">KHB<\/span>]<\/p>\n<\/details>\n","protected":false},"excerpt":{"rendered":"<p>Zawar\u00adto\u015b\u0107 tlenu w morzu gwa\u0142\u00adtow\u00adnie wzra\u00adsta, w ci\u0105gu 5 \u2014 10 milio\u00adn\u00f3w lat powstaje wi\u0119k\u00adszo\u015b\u0107 sche\u00adma\u00adt\u00f3w budowy istot \u017cywych, kt\u00f3re istniej\u0105 do dzi\u015b. Ryby to pierw\u00adsze \u017cywe istoty z wewn\u0119trz\u00adnym szkie\u00adle\u00adtem i elastycz\u00adnym kr\u0119gos\u0142upem.<\/p>\n<p class=\"continue-reading-button\"> <a class=\"continue-reading-link\" href=\"https:\/\/evolutionsweg.de\/pl\/wirbeltiere\/\">\u2026mehr dazu<i class=\"crycon-right-dir\"><\/i><\/a><\/p>\n","protected":false},"author":1,"featured_media":3828,"comment_status":"closed","ping_status":"open","sticky":false,"template":"","format":"standard","meta":{"_lmt_disableupdate":"no","_lmt_disable":"no","wp_typography_post_enhancements_disabled":false,"footnotes":""},"categories":[1],"tags":[],"class_list":["post-17","post","type-post","status-publish","format-standard","has-post-thumbnail","hentry","category-wegpunkte"],"translation":{"provider":"WPGlobus","version":"3.0.2","language":"pl","enabled_languages":["de","fr","gb","pl"],"languages":{"de":{"title":true,"content":true,"excerpt":true},"fr":{"title":true,"content":true,"excerpt":true},"gb":{"title":true,"content":true,"excerpt":true},"pl":{"title":true,"content":true,"excerpt":true}}},"modified_by":"Administrator","_links":{"self":[{"href":"https:\/\/evolutionsweg.de\/pl\/wp-json\/wp\/v2\/posts\/17","targetHints":{"allow":["GET"]}}],"collection":[{"href":"https:\/\/evolutionsweg.de\/pl\/wp-json\/wp\/v2\/posts"}],"about":[{"href":"https:\/\/evolutionsweg.de\/pl\/wp-json\/wp\/v2\/types\/post"}],"author":[{"embeddable":true,"href":"https:\/\/evolutionsweg.de\/pl\/wp-json\/wp\/v2\/users\/1"}],"replies":[{"embeddable":true,"href":"https:\/\/evolutionsweg.de\/pl\/wp-json\/wp\/v2\/comments?post=17"}],"version-history":[{"count":0,"href":"https:\/\/evolutionsweg.de\/pl\/wp-json\/wp\/v2\/posts\/17\/revisions"}],"wp:featuredmedia":[{"embeddable":true,"href":"https:\/\/evolutionsweg.de\/pl\/wp-json\/wp\/v2\/media\/3828"}],"wp:attachment":[{"href":"https:\/\/evolutionsweg.de\/pl\/wp-json\/wp\/v2\/media?parent=17"}],"wp:term":[{"taxonomy":"category","embeddable":true,"href":"https:\/\/evolutionsweg.de\/pl\/wp-json\/wp\/v2\/categories?post=17"},{"taxonomy":"post_tag","embeddable":true,"href":"https:\/\/evolutionsweg.de\/pl\/wp-json\/wp\/v2\/tags?post=17"}],"curies":[{"name":"wp","href":"https:\/\/api.w.org\/{rel}","templated":true}]}}